{"id":683,"date":"2024-08-30T12:41:00","date_gmt":"2024-08-30T12:41:00","guid":{"rendered":"https:\/\/letra2.colegiolossamanes.edu.co\/?p=683"},"modified":"2024-08-16T14:17:57","modified_gmt":"2024-08-16T14:17:57","slug":"poemas","status":"publish","type":"post","link":"https:\/\/letra2.colegiolossamanes.edu.co\/index.php\/2024\/08\/30\/poemas\/","title":{"rendered":"Poemas"},"content":{"rendered":"\n<p class=\"has-text-align-right\"><strong>Por: Manuel Villa &#8211; Docente<\/strong><\/p>\n\n\n\n<figure class=\"wp-block-image size-large\"><img fetchpriority=\"high\" decoding=\"async\" width=\"1024\" height=\"721\" src=\"https:\/\/letra2.colegiolossamanes.edu.co\/wp-content\/uploads\/2024\/08\/Captura-de-pantalla-2024-08-16-a-las-9.14.40\u202fa.-m.-1024x721.png\" alt=\"\" class=\"wp-image-688\" srcset=\"https:\/\/letra2.colegiolossamanes.edu.co\/wp-content\/uploads\/2024\/08\/Captura-de-pantalla-2024-08-16-a-las-9.14.40\u202fa.-m.-1024x721.png 1024w, https:\/\/letra2.colegiolossamanes.edu.co\/wp-content\/uploads\/2024\/08\/Captura-de-pantalla-2024-08-16-a-las-9.14.40\u202fa.-m.-300x211.png 300w, https:\/\/letra2.colegiolossamanes.edu.co\/wp-content\/uploads\/2024\/08\/Captura-de-pantalla-2024-08-16-a-las-9.14.40\u202fa.-m.-768x541.png 768w, https:\/\/letra2.colegiolossamanes.edu.co\/wp-content\/uploads\/2024\/08\/Captura-de-pantalla-2024-08-16-a-las-9.14.40\u202fa.-m.-1536x1081.png 1536w, https:\/\/letra2.colegiolossamanes.edu.co\/wp-content\/uploads\/2024\/08\/Captura-de-pantalla-2024-08-16-a-las-9.14.40\u202fa.-m..png 1850w\" sizes=\"(max-width: 1024px) 100vw, 1024px\" \/><\/figure>\n\n\n\n<p><\/p>\n\n\n\n<p class=\"has-text-align-right\"><strong> <\/strong><\/p>\n\n\n\n<div class=\"wp-block-group\"><div class=\"wp-block-group__inner-container is-layout-flow wp-block-group-is-layout-flow\">\n<div class=\"wp-block-columns is-layout-flex wp-container-core-columns-is-layout-9d6595d7 wp-block-columns-is-layout-flex\">\n<div class=\"wp-block-column is-layout-flow wp-block-column-is-layout-flow\">\n<p class=\"has-text-align-center\"><strong>URBE&nbsp;<\/strong><\/p>\n\n\n\n<p>Punto de fuga que divide lo s\u00f3lido con lo gaseoso.<\/p>\n\n\n\n<p>La tr\u00e1gica muerte del domingo que supura bruma y suspiros g\u00e9lidos.<\/p>\n\n\n\n<p>El deseo constante de invadir m\u00e1s atm\u00f3sfera.<\/p>\n\n\n\n<p>El calor clandestino de un alma sujeta a los metacarpos.<\/p>\n\n\n\n<p>El deambular por corredizos inquebrantables en el tiempo.<\/p>\n\n\n\n<p>La vida presurizada en un gui\u00f1o del incesante olvido.<\/p>\n<\/div>\n\n\n\n<div class=\"wp-block-column is-layout-flow wp-block-column-is-layout-flow\">\n<p class=\"has-text-align-center\"><strong>\u201cEL ELOGIO A LA SIMPLICIDAD\u201d<\/strong><\/p>\n\n\n\n<p>Basta con mirarte, para morir en vida.<\/p>\n\n\n\n<p>Y hablar contigo, para sentir que no es un sue\u00f1o.<\/p>\n\n\n\n<p>De todas las posibles verdades que deambulan por el mundo,<\/p>\n\n\n\n<p>Me quedo con la tuya,<\/p>\n\n\n\n<p>Que es la que mejor me sabe mentir.<\/p>\n<\/div>\n\n\n\n<div class=\"wp-block-column is-layout-flow wp-block-column-is-layout-flow\">\n<p class=\"has-text-align-center\"><strong>65<\/strong><\/p>\n\n\n\n<p>Sesenta y cinco partituras del alma Sesenta y cinco bombardeos sist\u00f3licos que dan vida a un pulso nervioso y endeble en el tiempo.<\/p>\n\n\n\n<p>\u00bfBradicardia mel\u00f3dica o arritmia instrumental que da sabor al devenir?Agua, tierra, fuego, aire y un quinto elemento  que abraza todo en un colorido ramillete.<\/p>\n\n\n\n<p>Ra\u00edz, tallo, rama, flor y fruto que dan vida al poema musical sembrado aqu\u00ed en mi pecho. Sesenta y cinco huellas lacrim\u00f3genas que hablan cuando ya no s\u00e9 qu\u00e9 decir<\/p>\n\n\n\n<p>No hay cabida para el sentimiento a trav\u00e9s de las palabras.<\/p>\n\n\n\n<p>No puedo amarte en medio de tanta s\u00edlaba.<\/p>\n\n\n\n<p>He dicho todo; y sin embargo, me hundo en medio de la pasi\u00f3n que me asfixia lentamente.<\/p>\n\n\n\n<p>Mi \u00faltimo recurso: tratar de no morir, mientras atropello todo mi querer con tu inusitada presencia.<\/p>\n<\/div>\n<\/div>\n<\/div><\/div>\n","protected":false},"excerpt":{"rendered":"<p>Por: Manuel Villa &#8211; Docente URBE&nbsp; Punto de fuga que divide lo s\u00f3lido con lo gaseoso. La tr\u00e1gica muerte del domingo que supura bruma y&#8230;<\/p>\n","protected":false},"author":8,"featured_media":0,"comment_status":"closed","ping_status":"closed","sticky":false,"template":"","format":"standard","meta":{"_kad_post_transparent":"","_kad_post_title":"","_kad_post_layout":"","_kad_post_sidebar_id":"","_kad_post_content_style":"","_kad_post_vertical_padding":"","_kad_post_feature":"","_kad_post_feature_position":"","_kad_post_header":false,"_kad_post_footer":false,"footnotes":""},"categories":[7],"tags":[],"class_list":["post-683","post","type-post","status-publish","format-standard","hentry","category-asi-gestionamos"],"_links":{"self":[{"href":"https:\/\/letra2.colegiolossamanes.edu.co\/index.php\/wp-json\/wp\/v2\/posts\/683","targetHints":{"allow":["GET"]}}],"collection":[{"href":"https:\/\/letra2.colegiolossamanes.edu.co\/index.php\/wp-json\/wp\/v2\/posts"}],"about":[{"href":"https:\/\/letra2.colegiolossamanes.edu.co\/index.php\/wp-json\/wp\/v2\/types\/post"}],"author":[{"embeddable":true,"href":"https:\/\/letra2.colegiolossamanes.edu.co\/index.php\/wp-json\/wp\/v2\/users\/8"}],"replies":[{"embeddable":true,"href":"https:\/\/letra2.colegiolossamanes.edu.co\/index.php\/wp-json\/wp\/v2\/comments?post=683"}],"version-history":[{"count":4,"href":"https:\/\/letra2.colegiolossamanes.edu.co\/index.php\/wp-json\/wp\/v2\/posts\/683\/revisions"}],"predecessor-version":[{"id":692,"href":"https:\/\/letra2.colegiolossamanes.edu.co\/index.php\/wp-json\/wp\/v2\/posts\/683\/revisions\/692"}],"wp:attachment":[{"href":"https:\/\/letra2.colegiolossamanes.edu.co\/index.php\/wp-json\/wp\/v2\/media?parent=683"}],"wp:term":[{"taxonomy":"category","embeddable":true,"href":"https:\/\/letra2.colegiolossamanes.edu.co\/index.php\/wp-json\/wp\/v2\/categories?post=683"},{"taxonomy":"post_tag","embeddable":true,"href":"https:\/\/letra2.colegiolossamanes.edu.co\/index.php\/wp-json\/wp\/v2\/tags?post=683"}],"curies":[{"name":"wp","href":"https:\/\/api.w.org\/{rel}","templated":true}]}}