{"id":647,"date":"2023-07-21T21:43:05","date_gmt":"2023-07-21T21:43:05","guid":{"rendered":"https:\/\/letra2.colegiolossamanes.edu.co\/?p=647"},"modified":"2023-07-21T21:47:41","modified_gmt":"2023-07-21T21:47:41","slug":"reflexiones-sobre-el-final-de-la-duenda-de-evelio-jose-rosero","status":"publish","type":"post","link":"https:\/\/letra2.colegiolossamanes.edu.co\/index.php\/2023\/07\/21\/reflexiones-sobre-el-final-de-la-duenda-de-evelio-jose-rosero\/","title":{"rendered":"REFLEXIONES SOBRE EL FINAL DE \u201cLA DUENDA\u201d DE EVELIO JOS\u00c9 ROSERO"},"content":{"rendered":"\n<h2 class=\"wp-block-heading\">Por: Hannah Betancourt de 6C.<\/h2>\n\n\n\n<p>El hecho de conocer que un ser fant\u00e1stico resultara ser hija del viejo Eustasio, a quien mat\u00f3 volviendo viejo. Adem\u00e1s de enamorar al protagonista empleando, todo su esplendor al sentirse inspirada por \u00e9l y enamor\u00e1ndose al mismo tiempo de este, es sorprendente&nbsp; y al mismo tiempo genera consternaci\u00f3n. Ver c\u00f3mo un regalo que La Duenda le da a su propio padre se convierte en un castigo en su cuerpo, sin perder de vista&nbsp; lo mucho que lastim\u00f3 a quien fuera su propio amor, al no permitirle amarle como lo que es, sino de una forma indirecta, causando confusi\u00f3n y tristeza, para ambos resulta un total desconcierto.<\/p>\n\n\n\n<p>Pienso que es m\u00e1s honesto decir la verdad y actuar siendo consecuente y de esta forma&nbsp; cumplir su promesa de no hacerle da\u00f1o al protagonista, sin tener que recurrir a&nbsp; quitarle los fragmentos y la magia de ella, lo cual le permiti\u00f3 a \u00e9l&nbsp; crear las m\u00e1s hermosas melod\u00edas. Pero el protagonista, en el desacuerdo de escoger entre La Duenda e Isabella, se decide por esta \u00faltima, ya que La Duenda lo hab\u00eda abandonado mientras Isabella lo segu\u00eda esperando.<\/p>\n\n\n\n<p>El protagonista renuncia a tocar de nuevo la flauta con los poderes de La Duenda, cuando la&nbsp; mano surge del agua, para que sea&nbsp; suya para siempre. En ese instante aparece Isabella, el protagonista debe elegir entre amar a La Duenda o a Isabella, dif\u00edcil decisi\u00f3n, las dos causaron una fuerte impresi\u00f3n en \u00e9l, dado que se descubre&nbsp; el abandono de La Duenda y al mismo tiempo se revela el amor genuino de Isabella, quien es la parte humana de La Duenda.<\/p>\n\n\n\n<p>Los personajes expresan no solo sus sentimientos, sino el mismo hecho de haberle conocido cobra un sentido que le da un valor mucho m\u00e1s grande a la presencia del protagonista, dada su confusi\u00f3n en sus propios sentimientos, siendo siempre el motivo de los diferentes inconvenientes. Para \u00e9l las otras personas perdieron su importancia porque su prioridad era encontrar a La Duenda porque descubre en ella, su primer amor, surgi\u00f3 a primera vista dej\u00e1ndolo absorto, solo con pensar en su piel p\u00e1lida azulada, sus besos tan parecidos a una l\u00e1grima, eran estos los pensamientos de todo su mundo, lo que lo completaba.<\/p>\n\n\n\n<p>El amor del protagonista hacia La Duenda era tan grande que lo lastimaba<sub>;<\/sub> llev\u00e1ndolo a vivir discriminado por la sociedad al creerse que este estaba <em>enduendado<\/em>, por tener marcados sus tobillos por las manos de La Duenda. Adem\u00e1s del sonido de la flauta, el cual era producido por ella. El protagonista buscaba desesperadamente olvidar a La Duenda, ya que ella le rob\u00f3 las bellas melod\u00edas que a trav\u00e9s de \u00e9l hab\u00eda creado.\u00a0<\/p>\n","protected":false},"excerpt":{"rendered":"<p>Por: Hannah Betancourt de 6C. El hecho de conocer que un ser fant\u00e1stico resultara ser hija del viejo Eustasio, a quien mat\u00f3 volviendo viejo. Adem\u00e1s&#8230;<\/p>\n","protected":false},"author":5,"featured_media":648,"comment_status":"closed","ping_status":"closed","sticky":false,"template":"","format":"standard","meta":{"_kad_post_transparent":"","_kad_post_title":"","_kad_post_layout":"","_kad_post_sidebar_id":"","_kad_post_content_style":"","_kad_post_vertical_padding":"","_kad_post_feature":"","_kad_post_feature_position":"","_kad_post_header":false,"_kad_post_footer":false,"footnotes":""},"categories":[6],"tags":[27,21,20,19,26],"class_list":["post-647","post","type-post","status-publish","format-standard","has-post-thumbnail","hentry","category-asi-manifestamos","tag-critica","tag-evelio-rosero","tag-la-duenda","tag-literatura","tag-novela"],"_links":{"self":[{"href":"https:\/\/letra2.colegiolossamanes.edu.co\/index.php\/wp-json\/wp\/v2\/posts\/647","targetHints":{"allow":["GET"]}}],"collection":[{"href":"https:\/\/letra2.colegiolossamanes.edu.co\/index.php\/wp-json\/wp\/v2\/posts"}],"about":[{"href":"https:\/\/letra2.colegiolossamanes.edu.co\/index.php\/wp-json\/wp\/v2\/types\/post"}],"author":[{"embeddable":true,"href":"https:\/\/letra2.colegiolossamanes.edu.co\/index.php\/wp-json\/wp\/v2\/users\/5"}],"replies":[{"embeddable":true,"href":"https:\/\/letra2.colegiolossamanes.edu.co\/index.php\/wp-json\/wp\/v2\/comments?post=647"}],"version-history":[{"count":1,"href":"https:\/\/letra2.colegiolossamanes.edu.co\/index.php\/wp-json\/wp\/v2\/posts\/647\/revisions"}],"predecessor-version":[{"id":649,"href":"https:\/\/letra2.colegiolossamanes.edu.co\/index.php\/wp-json\/wp\/v2\/posts\/647\/revisions\/649"}],"wp:featuredmedia":[{"embeddable":true,"href":"https:\/\/letra2.colegiolossamanes.edu.co\/index.php\/wp-json\/wp\/v2\/media\/648"}],"wp:attachment":[{"href":"https:\/\/letra2.colegiolossamanes.edu.co\/index.php\/wp-json\/wp\/v2\/media?parent=647"}],"wp:term":[{"taxonomy":"category","embeddable":true,"href":"https:\/\/letra2.colegiolossamanes.edu.co\/index.php\/wp-json\/wp\/v2\/categories?post=647"},{"taxonomy":"post_tag","embeddable":true,"href":"https:\/\/letra2.colegiolossamanes.edu.co\/index.php\/wp-json\/wp\/v2\/tags?post=647"}],"curies":[{"name":"wp","href":"https:\/\/api.w.org\/{rel}","templated":true}]}}